{"id":517,"date":"2026-09-02T10:07:57","date_gmt":"2026-09-02T08:07:57","guid":{"rendered":"https:\/\/ct-avocats-paris.com\/?p=517"},"modified":"2026-09-03T16:18:48","modified_gmt":"2026-09-03T14:18:48","slug":"quand-un-garagiste-abuse-de-son-droit-de-retention-et-refuse-de-restituer-un-vehicule-un-cas-pratique","status":"publish","type":"post","link":"https:\/\/ct-avocats-paris.com\/index.php\/2026\/09\/02\/quand-un-garagiste-abuse-de-son-droit-de-retention-et-refuse-de-restituer-un-vehicule-un-cas-pratique\/","title":{"rendered":"Quand un garagiste abuse de son droit de r\u00e9tention et refuse de restituer un v\u00e9hicule : un cas pratique"},"content":{"rendered":"\n<p class=\"wp-block-paragraph\">Le contexte&nbsp;:<\/p>\n\n\n\n<p class=\"wp-block-paragraph\">Une soci\u00e9t\u00e9 cliente a d\u00e9pos\u00e9 son v\u00e9hicule \u00e9lectrique chez un garagiste pour une simple recherche de panne. Le garagiste a \u00e9tabli un \u00ab ordre de r\u00e9paration \u00bb avec pour seule mention \u00ab diagnostic de panne \u00bb pr\u00e9sentant deux modes de facturation contradictoires, au temps pass\u00e9 et au forfait, sans autre pr\u00e9cision.<\/p>\n\n\n\n<p class=\"wp-block-paragraph\">Trois semaines plus tard, le garagiste a pr\u00e9sent\u00e9 \u00e0 notre cliente une facture de plus de 1600&nbsp;\u20ac, incluant la main-d\u2019\u0153uvre et la location d\u2019un v\u00e9hicule de courtoisie, initialement pr\u00e9vue pour 24 heure.&nbsp;Notre cliente a naturellement contest\u00e9 cette facturation, d\u00e9clenchant un conflit avec le garage, qui a exerc\u00e9 son droit de r\u00e9tention et refus\u00e9 de restituer le v\u00e9hicule tant que la facture n\u2019\u00e9tait pas r\u00e9gl\u00e9e.&nbsp;<\/p>\n\n\n\n<p class=\"wp-block-paragraph\">La premi\u00e8re proc\u00e9dure&nbsp;:<\/p>\n\n\n\n<p class=\"wp-block-paragraph\">Dans un premier temps, le garagiste a saisi le tribunal judiciaire, sur le fondement de la loi sur les objets abandonn\u00e9s, une pr\u00e9rogative reconnue aux d\u00e9positaires d\u2019objets, afin d\u2019obtenir l\u2019autorisation de vendre le v\u00e9hicule aux ench\u00e8res et le paiement d\u2019une indemnit\u00e9 de stationnement.&nbsp;Gr\u00e2ce \u00e0 une argumentation solide, nous avons obtenu gain de cause : le garage a \u00e9t\u00e9 d\u00e9bout\u00e9 de ses demandes et condamn\u00e9 \u00e0 payer des frais au titre de l\u2019article 700 du Code de proc\u00e9dure civile.<\/p>\n\n\n\n<p class=\"wp-block-paragraph\">La seconde proc\u00e9dure&nbsp;:<\/p>\n\n\n\n<p class=\"wp-block-paragraph\">Parall\u00e8lement, nous avons assign\u00e9 le garagiste devant le TAE (anciennement tribunal de commerce) pour obtenir la restitution du v\u00e9hicule et contester la facturation pour plusieurs raisons&nbsp;: absence d\u2019accord pr\u00e9alable sur le prix et manquement du garagiste \u00e0 son devoir d\u2019information et de diligence.<\/p>\n\n\n\n<p class=\"wp-block-paragraph\">En effet, l\u2019analyse minutieuse des pi\u00e8ces a r\u00e9v\u00e9l\u00e9 :<\/p>\n\n\n\n<ul class=\"wp-block-list\">\n<li>seulement quelques heures d\u2019intervention r\u00e9elle,<\/li>\n\n\n\n<li>un d\u00e9lai de plus de trois semaines avant la prise en charge,<\/li>\n\n\n\n<li>et une panne identifi\u00e9e et r\u00e9solue en moins de 24 heures par le constructeur.<\/li>\n<\/ul>\n\n\n\n<p class=\"wp-block-paragraph\">Nous avons \u00e9galement sollicit\u00e9 le remboursement des frais de location du v\u00e9hicule de remplacement lou\u00e9 (le v\u00e9hicule de courtoisie ayant \u00e9t\u00e9 restitu\u00e9 d\u00e8s l\u2019apparition du diff\u00e9rend), ainsi que des dommages et int\u00e9r\u00eats et un article 700 du Cpc.<\/p>\n\n\n\n<p class=\"wp-block-paragraph\">De son c\u00f4t\u00e9, le garagiste maintenait sa demande de paiement de la facture litigieuse outre des frais de gardiennage cons\u00e9quents avoisinants les 30.000 euros au motif que le v\u00e9hicule \u00e9tait rest\u00e9 sur son parc durant pr\u00e8s de 2 ans, le temps des diff\u00e9rentes proc\u00e9dures.<\/p>\n\n\n\n<p class=\"wp-block-paragraph\">La d\u00e9cision finale :&nbsp;<\/p>\n\n\n\n<p class=\"wp-block-paragraph\">Le tribunal de commerce a rendu une d\u00e9cision favorable \u00e0 notre cliente et a ordonn\u00e9 :<\/p>\n\n\n\n<ul class=\"wp-block-list\">\n<li>la restitution imm\u00e9diate du v\u00e9hicule,<\/li>\n\n\n\n<li>le paiement de dommages et int\u00e9r\u00eats,<\/li>\n\n\n\n<li>le versement d\u2019une somme cons\u00e9quente au titre de l\u2019article 700.<\/li>\n<\/ul>\n\n\n\n<p class=\"wp-block-paragraph\"><strong><u>Enseignements :&nbsp;<\/u><\/strong><\/p>\n\n\n\n<p class=\"wp-block-paragraph\">Ce dossier souligne l\u2019importance de la pr\u00e9cision contractuelle et du devoir d\u2019information des professionnels.&nbsp;<\/p>\n\n\n\n<p class=\"wp-block-paragraph\">Un document ambigu ou incomplet peut co\u00fbter tr\u00e8s cher aux professionnels. Il d\u00e9montre \u00e9galement que, m\u00eame face \u00e0 des tentatives d\u2019intimidation (droit de r\u00e9tention ou vente forc\u00e9e), les droits des clients peuvent \u00eatre fermement prot\u00e9g\u00e9s.<\/p>\n\n\n\n<p class=\"wp-block-paragraph\"><\/p>\n","protected":false},"excerpt":{"rendered":"<p>Le contexte&nbsp;: Une soci\u00e9t\u00e9 cliente a d\u00e9pos\u00e9 son v\u00e9hicule \u00e9lectrique chez un garagiste pour une simple recherche de panne. Le garagiste a \u00e9tabli un \u00ab ordre de r\u00e9paration \u00bb avec pour seule mention \u00ab diagnostic de panne \u00bb pr\u00e9sentant deux modes de facturation contradictoires, au temps pass\u00e9 et au forfait, sans autre pr\u00e9cision. Trois semaines [&hellip;]<\/p>\n","protected":false},"author":4,"featured_media":557,"comment_status":"open","ping_status":"closed","sticky":false,"template":"","format":"standard","meta":{"footnotes":""},"categories":[9,7],"tags":[],"class_list":["post-517","post","type-post","status-publish","format-standard","has-post-thumbnail","hentry","category-conseils-pratiques","category-droit-des-contrats"],"_links":{"self":[{"href":"https:\/\/ct-avocats-paris.com\/index.php\/wp-json\/wp\/v2\/posts\/517","targetHints":{"allow":["GET"]}}],"collection":[{"href":"https:\/\/ct-avocats-paris.com\/index.php\/wp-json\/wp\/v2\/posts"}],"about":[{"href":"https:\/\/ct-avocats-paris.com\/index.php\/wp-json\/wp\/v2\/types\/post"}],"author":[{"embeddable":true,"href":"https:\/\/ct-avocats-paris.com\/index.php\/wp-json\/wp\/v2\/users\/4"}],"replies":[{"embeddable":true,"href":"https:\/\/ct-avocats-paris.com\/index.php\/wp-json\/wp\/v2\/comments?post=517"}],"version-history":[{"count":1,"href":"https:\/\/ct-avocats-paris.com\/index.php\/wp-json\/wp\/v2\/posts\/517\/revisions"}],"predecessor-version":[{"id":518,"href":"https:\/\/ct-avocats-paris.com\/index.php\/wp-json\/wp\/v2\/posts\/517\/revisions\/518"}],"wp:featuredmedia":[{"embeddable":true,"href":"https:\/\/ct-avocats-paris.com\/index.php\/wp-json\/wp\/v2\/media\/557"}],"wp:attachment":[{"href":"https:\/\/ct-avocats-paris.com\/index.php\/wp-json\/wp\/v2\/media?parent=517"}],"wp:term":[{"taxonomy":"category","embeddable":true,"href":"https:\/\/ct-avocats-paris.com\/index.php\/wp-json\/wp\/v2\/categories?post=517"},{"taxonomy":"post_tag","embeddable":true,"href":"https:\/\/ct-avocats-paris.com\/index.php\/wp-json\/wp\/v2\/tags?post=517"}],"curies":[{"name":"wp","href":"https:\/\/api.w.org\/{rel}","templated":true}]}}