{"id":105,"date":"2025-04-03T01:55:54","date_gmt":"2025-04-03T01:55:54","guid":{"rendered":"https:\/\/ct-avocats-paris.com\/?p=105"},"modified":"2025-04-03T02:13:04","modified_gmt":"2025-04-03T02:13:04","slug":"etat-de-la-jurisprudence-recente-en-matiere-dexigibilite-des-loyers-commerciaux-en-periode-de-covid","status":"publish","type":"post","link":"https:\/\/ct-avocats-paris.com\/index.php\/2025\/04\/03\/etat-de-la-jurisprudence-recente-en-matiere-dexigibilite-des-loyers-commerciaux-en-periode-de-covid\/","title":{"rendered":"Etat de la jurisprudence r\u00e9cente en mati\u00e8re d&#8217;exigibilit\u00e9 des loyers commerciaux en p\u00e9riode de Covid"},"content":{"rendered":"","protected":false},"excerpt":{"rendered":"","protected":false},"author":1,"featured_media":134,"comment_status":"open","ping_status":"closed","sticky":false,"template":"","format":"standard","meta":{"footnotes":""},"categories":[6,8],"tags":[],"class_list":["post-105","post","type-post","status-publish","format-standard","has-post-thumbnail","hentry","category-bail-commercial","category-commentaire-darret"],"_links":{"self":[{"href":"https:\/\/ct-avocats-paris.com\/index.php\/wp-json\/wp\/v2\/posts\/105","targetHints":{"allow":["GET"]}}],"collection":[{"href":"https:\/\/ct-avocats-paris.com\/index.php\/wp-json\/wp\/v2\/posts"}],"about":[{"href":"https:\/\/ct-avocats-paris.com\/index.php\/wp-json\/wp\/v2\/types\/post"}],"author":[{"embeddable":true,"href":"https:\/\/ct-avocats-paris.com\/index.php\/wp-json\/wp\/v2\/users\/1"}],"replies":[{"embeddable":true,"href":"https:\/\/ct-avocats-paris.com\/index.php\/wp-json\/wp\/v2\/comments?post=105"}],"version-history":[{"count":1,"href":"https:\/\/ct-avocats-paris.com\/index.php\/wp-json\/wp\/v2\/posts\/105\/revisions"}],"predecessor-version":[{"id":106,"href":"https:\/\/ct-avocats-paris.com\/index.php\/wp-json\/wp\/v2\/posts\/105\/revisions\/106"}],"wp:featuredmedia":[{"embeddable":true,"href":"https:\/\/ct-avocats-paris.com\/index.php\/wp-json\/wp\/v2\/media\/134"}],"wp:attachment":[{"href":"https:\/\/ct-avocats-paris.com\/index.php\/wp-json\/wp\/v2\/media?parent=105"}],"wp:term":[{"taxonomy":"category","embeddable":true,"href":"https:\/\/ct-avocats-paris.com\/index.php\/wp-json\/wp\/v2\/categories?post=105"},{"taxonomy":"post_tag","embeddable":true,"href":"https:\/\/ct-avocats-paris.com\/index.php\/wp-json\/wp\/v2\/tags?post=105"}],"curies":[{"name":"wp","href":"https:\/\/api.w.org\/{rel}","templated":true}]}}